{"id":507,"date":"2023-06-01T19:31:19","date_gmt":"2023-06-01T17:31:19","guid":{"rendered":"https:\/\/www.lagirelle.ch\/?p=507"},"modified":"2024-01-08T11:03:54","modified_gmt":"2024-01-08T10:03:54","slug":"marche-printemps","status":"publish","type":"post","link":"https:\/\/www.lagirelle.ch\/lagir\/2023\/06\/01\/marche-printemps\/","title":{"rendered":"March\u00e9 de Printemps"},"content":{"rendered":"\n<p class=\"has-text-color\" style=\"color:#039e65\">Le Samedi 10 Juin 2023 a eu lieu le traditionnel March\u00e9 de Printemps \u00e0 la salle communale de Genthod avec la participation de 30 diff\u00e9rent\u00b7e\u00b7x\u00b7s artisan\u00b7ne\u00b7x\u00b7s dont Christiane Zbinden et Jacqueline Millier.<\/p>\n\n\n\n<figure class=\"wp-block-image size-large\"><img decoding=\"async\" loading=\"lazy\" width=\"724\" height=\"1024\" src=\"https:\/\/www.lagirelle.ch\/lagir\/wp-content\/uploads\/2023\/12\/MARCHE-pdf-1-724x1024.jpg\" alt=\"\" class=\"wp-image-508\" srcset=\"https:\/\/www.lagirelle.ch\/lagir\/wp-content\/uploads\/2023\/12\/MARCHE-pdf-1-724x1024.jpg 724w, https:\/\/www.lagirelle.ch\/lagir\/wp-content\/uploads\/2023\/12\/MARCHE-pdf-1-212x300.jpg 212w, https:\/\/www.lagirelle.ch\/lagir\/wp-content\/uploads\/2023\/12\/MARCHE-pdf-1-768x1086.jpg 768w, https:\/\/www.lagirelle.ch\/lagir\/wp-content\/uploads\/2023\/12\/MARCHE-pdf-1.jpg 1059w\" sizes=\"(max-width: 724px) 100vw, 724px\" \/><\/figure>\n","protected":false},"excerpt":{"rendered":"<p>March\u00e9 de Printemps \u00e0 Genthod <\/p>\n","protected":false},"author":1,"featured_media":0,"comment_status":"closed","ping_status":"open","sticky":false,"template":"","format":"standard","meta":{"footnotes":""},"categories":[6],"tags":[],"_links":{"self":[{"href":"https:\/\/www.lagirelle.ch\/lagir\/wp-json\/wp\/v2\/posts\/507"}],"collection":[{"href":"https:\/\/www.lagirelle.ch\/lagir\/wp-json\/wp\/v2\/posts"}],"about":[{"href":"https:\/\/www.lagirelle.ch\/lagir\/wp-json\/wp\/v2\/types\/post"}],"author":[{"embeddable":true,"href":"https:\/\/www.lagirelle.ch\/lagir\/wp-json\/wp\/v2\/users\/1"}],"replies":[{"embeddable":true,"href":"https:\/\/www.lagirelle.ch\/lagir\/wp-json\/wp\/v2\/comments?post=507"}],"version-history":[{"count":4,"href":"https:\/\/www.lagirelle.ch\/lagir\/wp-json\/wp\/v2\/posts\/507\/revisions"}],"predecessor-version":[{"id":560,"href":"https:\/\/www.lagirelle.ch\/lagir\/wp-json\/wp\/v2\/posts\/507\/revisions\/560"}],"wp:attachment":[{"href":"https:\/\/www.lagirelle.ch\/lagir\/wp-json\/wp\/v2\/media?parent=507"}],"wp:term":[{"taxonomy":"category","embeddable":true,"href":"https:\/\/www.lagirelle.ch\/lagir\/wp-json\/wp\/v2\/categories?post=507"},{"taxonomy":"post_tag","embeddable":true,"href":"https:\/\/www.lagirelle.ch\/lagir\/wp-json\/wp\/v2\/tags?post=507"}],"curies":[{"name":"wp","href":"https:\/\/api.w.org\/{rel}","templated":true}]}}