{"id":520,"date":"2023-12-02T19:45:57","date_gmt":"2023-12-02T18:45:57","guid":{"rendered":"https:\/\/www.lagirelle.ch\/?p=520"},"modified":"2024-01-08T11:04:15","modified_gmt":"2024-01-08T10:04:15","slug":"decembre-23","status":"publish","type":"post","link":"https:\/\/www.lagirelle.ch\/lagir\/2023\/12\/02\/decembre-23\/","title":{"rendered":"Deux march\u00e9s en d\u00e9cembre!"},"content":{"rendered":"\n<p>SAMEDI 2 &amp; DIMANCHE 3 D\u00c9CEMBRE 2023 DEUX MARCH\u00c9S !!!<br><\/p>\n\n\n\n<p class=\"has-vivid-cyan-blue-color has-text-color\">MARCH\u00c9 ARTISANAL &amp; GOURMANDE DE FEIG\u00c8RES, 10H-18H <\/p>\n\n\n\n<figure class=\"wp-block-image size-large\"><img decoding=\"async\" loading=\"lazy\" width=\"1024\" height=\"512\" src=\"https:\/\/www.lagirelle.ch\/lagir\/wp-content\/uploads\/2023\/11\/CZ01-1024x512.jpg\" alt=\"\" class=\"wp-image-417\" srcset=\"https:\/\/www.lagirelle.ch\/lagir\/wp-content\/uploads\/2023\/11\/CZ01-1024x512.jpg 1024w, https:\/\/www.lagirelle.ch\/lagir\/wp-content\/uploads\/2023\/11\/CZ01-300x150.jpg 300w, https:\/\/www.lagirelle.ch\/lagir\/wp-content\/uploads\/2023\/11\/CZ01-768x384.jpg 768w, https:\/\/www.lagirelle.ch\/lagir\/wp-content\/uploads\/2023\/11\/CZ01.jpg 1200w\" sizes=\"(max-width: 1024px) 100vw, 1024px\" \/><\/figure>\n\n\n\n<p>Avec des c\u00e9ramiques de Jacqueline Millier et Sabine Kubler<br>Salle polyvalente de Feig\u00e8res<br>Faites-vous plaisir et en m\u00eame temps soyez solidaires: les b\u00e9n\u00e9fices de l\u2019exposition seront revers\u00e9s \u00e0 ALFAA-GHS: (Association de lutte contre la faim) et \u00e0 Arc-en ciel.<br><\/p>\n\n\n\n<p class=\"has-vivid-green-cyan-color has-text-color\"><br>MARCH\u00c9 NO\u00cbL DE BELLEVUE, 10H-17H<\/p>\n\n\n\n<figure class=\"wp-block-image size-large\"><img decoding=\"async\" loading=\"lazy\" width=\"1024\" height=\"512\" src=\"https:\/\/www.lagirelle.ch\/lagir\/wp-content\/uploads\/2023\/11\/Bellevue-1024x512.jpg\" alt=\"\" class=\"wp-image-433\" srcset=\"https:\/\/www.lagirelle.ch\/lagir\/wp-content\/uploads\/2023\/11\/Bellevue-1024x512.jpg 1024w, https:\/\/www.lagirelle.ch\/lagir\/wp-content\/uploads\/2023\/11\/Bellevue-300x150.jpg 300w, https:\/\/www.lagirelle.ch\/lagir\/wp-content\/uploads\/2023\/11\/Bellevue-768x384.jpg 768w, https:\/\/www.lagirelle.ch\/lagir\/wp-content\/uploads\/2023\/11\/Bellevue.jpg 1200w\" sizes=\"(max-width: 1024px) 100vw, 1024px\" \/><\/figure>\n\n\n\n<p>Avec des c\u00e9ramiques de Jacqueline Millier et Christaine Zbinden<\/p>\n","protected":false},"excerpt":{"rendered":"<p>Samedi 2 &#038; dimanche 3 d\u00e9cembre 2023: march\u00e9 de Feig\u00e8res et march\u00e9 de Bellevue<\/p>\n","protected":false},"author":1,"featured_media":0,"comment_status":"closed","ping_status":"open","sticky":false,"template":"","format":"standard","meta":{"footnotes":""},"categories":[6],"tags":[],"_links":{"self":[{"href":"https:\/\/www.lagirelle.ch\/lagir\/wp-json\/wp\/v2\/posts\/520"}],"collection":[{"href":"https:\/\/www.lagirelle.ch\/lagir\/wp-json\/wp\/v2\/posts"}],"about":[{"href":"https:\/\/www.lagirelle.ch\/lagir\/wp-json\/wp\/v2\/types\/post"}],"author":[{"embeddable":true,"href":"https:\/\/www.lagirelle.ch\/lagir\/wp-json\/wp\/v2\/users\/1"}],"replies":[{"embeddable":true,"href":"https:\/\/www.lagirelle.ch\/lagir\/wp-json\/wp\/v2\/comments?post=520"}],"version-history":[{"count":3,"href":"https:\/\/www.lagirelle.ch\/lagir\/wp-json\/wp\/v2\/posts\/520\/revisions"}],"predecessor-version":[{"id":561,"href":"https:\/\/www.lagirelle.ch\/lagir\/wp-json\/wp\/v2\/posts\/520\/revisions\/561"}],"wp:attachment":[{"href":"https:\/\/www.lagirelle.ch\/lagir\/wp-json\/wp\/v2\/media?parent=520"}],"wp:term":[{"taxonomy":"category","embeddable":true,"href":"https:\/\/www.lagirelle.ch\/lagir\/wp-json\/wp\/v2\/categories?post=520"},{"taxonomy":"post_tag","embeddable":true,"href":"https:\/\/www.lagirelle.ch\/lagir\/wp-json\/wp\/v2\/tags?post=520"}],"curies":[{"name":"wp","href":"https:\/\/api.w.org\/{rel}","templated":true}]}}