{"id":558,"date":"2018-07-08T10:28:00","date_gmt":"2018-07-08T08:28:00","guid":{"rendered":"https:\/\/www.lagirelle.ch\/?p=558"},"modified":"2024-01-08T10:33:43","modified_gmt":"2024-01-08T09:33:43","slug":"401-bols","status":"publish","type":"post","link":"https:\/\/www.lagirelle.ch\/lagir\/2018\/07\/08\/401-bols\/","title":{"rendered":"401 bols"},"content":{"rendered":"\n<figure class=\"wp-block-image\"><img decoding=\"async\" loading=\"lazy\" width=\"300\" height=\"300\" src=\"https:\/\/www.lagirelle.ch\/lagir\/wp-content\/uploads\/2018\/06\/bol012-300x300.jpg\" alt=\"\" class=\"wp-image-80\" srcset=\"https:\/\/www.lagirelle.ch\/lagir\/wp-content\/uploads\/2018\/06\/bol012-300x300.jpg 300w, https:\/\/www.lagirelle.ch\/lagir\/wp-content\/uploads\/2018\/06\/bol012-150x150.jpg 150w, https:\/\/www.lagirelle.ch\/lagir\/wp-content\/uploads\/2018\/06\/bol012.jpg 500w\" sizes=\"(max-width: 300px) 100vw, 300px\" \/><\/figure>\n\n\n\n<figure class=\"wp-block-image\"><img decoding=\"async\" loading=\"lazy\" width=\"300\" height=\"300\" src=\"https:\/\/www.lagirelle.ch\/lagir\/wp-content\/uploads\/2018\/06\/bol09-300x300.jpg\" alt=\"\" class=\"wp-image-78\" srcset=\"https:\/\/www.lagirelle.ch\/lagir\/wp-content\/uploads\/2018\/06\/bol09-300x300.jpg 300w, https:\/\/www.lagirelle.ch\/lagir\/wp-content\/uploads\/2018\/06\/bol09-150x150.jpg 150w, https:\/\/www.lagirelle.ch\/lagir\/wp-content\/uploads\/2018\/06\/bol09.jpg 500w\" sizes=\"(max-width: 300px) 100vw, 300px\" \/><\/figure>\n\n\n\n<figure class=\"wp-block-image\"><img decoding=\"async\" loading=\"lazy\" width=\"300\" height=\"300\" src=\"https:\/\/www.lagirelle.ch\/lagir\/wp-content\/uploads\/2018\/06\/bol08-300x300.jpg\" alt=\"\" class=\"wp-image-77\" srcset=\"https:\/\/www.lagirelle.ch\/lagir\/wp-content\/uploads\/2018\/06\/bol08-300x300.jpg 300w, https:\/\/www.lagirelle.ch\/lagir\/wp-content\/uploads\/2018\/06\/bol08-150x150.jpg 150w, https:\/\/www.lagirelle.ch\/lagir\/wp-content\/uploads\/2018\/06\/bol08.jpg 500w\" sizes=\"(max-width: 300px) 100vw, 300px\" \/><\/figure>\n\n\n\n<p class=\"has-black-color has-text-color\"><strong>A l\u2019occasion de son quaranti\u00e8me anniversaire, La Girelle, la soci\u00e9t\u00e9 de poterie de Perly-Certoux, s\u2019est lanc\u00e9 le d\u00e9fi de pr\u00e9senter une exposition rassemblant les cr\u00e9ations de ses trente membres.<\/strong><\/p>\n\n\n\n<p>Avec comme point de d\u00e9part un th\u00e8me simple, le bol, l\u2019exposition s\u2019est tenue du 15 au 23 septembre 2018 \u00e0 la Maison de la Douane de Perly-Certoux, fra\u00eechement ouverte, et a permis au public de d\u00e9couvrir le travail de La Girelle.<\/p>\n\n\n\n<p>Au travers de 401 bols uniques: de l\u2019utilitaire au plus sophistiqu\u00e9, tant dans sa forme que dans sa d\u00e9coration, chaque bol est t\u00e9moin de l\u2019immense vari\u00e9t\u00e9 pouvant \u00e9merger de l\u2019interpr\u00e9tation individuelle d\u2019un seul concept d\u2019origine.<\/p>\n\n\n\n<p>L\u2019exposition a re\u00e7u un bel accueil de la part du public, et nous tenons \u00e0 remercier ici les nombreuses personnes qui ont visit\u00e9 \u00ab401 bols\u00bb, ainsi que la Mairie et les employ\u00e9-e-s communaux de Perly-Certoux.<\/p>\n\n\n\n<p>Cette exposition nous a permis de f\u00eater en grande pompe les 40 ans de cette soci\u00e9t\u00e9 d&rsquo;amateurs fond\u00e9e en 1978, et de pouvoir r\u00eaver aux 40 prochaines ann\u00e9es!<\/p>\n","protected":false},"excerpt":{"rendered":"<p>A l\u2019occasion de son quaranti\u00e8me anniversaire, La Girelle, la soci\u00e9t\u00e9 de poterie de Perly-Certoux, s\u2019est lanc\u00e9 le d\u00e9fi de pr\u00e9senter une exposition rassemblant les cr\u00e9ations de ses trente membres. Avec comme point de d\u00e9part un th\u00e8me simple, le bol, l\u2019exposition s\u2019est tenue du 15 au&nbsp;<a class=\"read-more\" href=\"https:\/\/www.lagirelle.ch\/lagir\/2018\/07\/08\/401-bols\/\">&hellip;<\/a><\/p>\n","protected":false},"author":1,"featured_media":0,"comment_status":"closed","ping_status":"open","sticky":false,"template":"","format":"standard","meta":{"footnotes":""},"categories":[3],"tags":[],"_links":{"self":[{"href":"https:\/\/www.lagirelle.ch\/lagir\/wp-json\/wp\/v2\/posts\/558"}],"collection":[{"href":"https:\/\/www.lagirelle.ch\/lagir\/wp-json\/wp\/v2\/posts"}],"about":[{"href":"https:\/\/www.lagirelle.ch\/lagir\/wp-json\/wp\/v2\/types\/post"}],"author":[{"embeddable":true,"href":"https:\/\/www.lagirelle.ch\/lagir\/wp-json\/wp\/v2\/users\/1"}],"replies":[{"embeddable":true,"href":"https:\/\/www.lagirelle.ch\/lagir\/wp-json\/wp\/v2\/comments?post=558"}],"version-history":[{"count":1,"href":"https:\/\/www.lagirelle.ch\/lagir\/wp-json\/wp\/v2\/posts\/558\/revisions"}],"predecessor-version":[{"id":559,"href":"https:\/\/www.lagirelle.ch\/lagir\/wp-json\/wp\/v2\/posts\/558\/revisions\/559"}],"wp:attachment":[{"href":"https:\/\/www.lagirelle.ch\/lagir\/wp-json\/wp\/v2\/media?parent=558"}],"wp:term":[{"taxonomy":"category","embeddable":true,"href":"https:\/\/www.lagirelle.ch\/lagir\/wp-json\/wp\/v2\/categories?post=558"},{"taxonomy":"post_tag","embeddable":true,"href":"https:\/\/www.lagirelle.ch\/lagir\/wp-json\/wp\/v2\/tags?post=558"}],"curies":[{"name":"wp","href":"https:\/\/api.w.org\/{rel}","templated":true}]}}