{"id":748,"date":"2024-11-19T16:35:05","date_gmt":"2024-11-19T15:35:05","guid":{"rendered":"https:\/\/www.lagirelle.ch\/?p=748"},"modified":"2024-11-19T16:37:05","modified_gmt":"2024-11-19T15:37:05","slug":"exposition-artisanale-de-perly-certoux","status":"publish","type":"post","link":"https:\/\/www.lagirelle.ch\/lagir\/2024\/11\/19\/exposition-artisanale-de-perly-certoux\/","title":{"rendered":"Exposition Artisanale de Perly-Certoux"},"content":{"rendered":"\n<p class=\"has-text-color\" style=\"color:#0588ff\"><strong>Samedi 09 novembre au dimanche 10 novembre<\/strong><br><strong>Salle polyvalente de l\u2019Ecole de Perly<\/strong><\/p>\n\n\n\n<p class=\"has-text-color\" style=\"color:#0588ff\"><strong>samedi de 10h \u00e0 18h<\/strong><br><strong>dimanche de 10h \u00e0 17h<\/strong><br><\/p>\n\n\n\n<p>Exposition d\u2019artisans et d\u2019artistes de Perly-Certoux et d\u2019ailleurs. A voir et appr\u00e9cier: peinture, crochet, travaux sur bois, sur pierre, sur m\u00e9tal, dessin, c\u00e9ramique, sculpture, bijoux, peinture sur porcelaine, peinture sur verre, d\u00e9coration en macram\u00e9, chocolat\u2026 De quoi avoir le choix pour embellir son int\u00e9rieur et pour faire ses cadeaux de No\u00ebl!<\/p>\n\n\n\n<figure class=\"wp-block-image size-large\"><img decoding=\"async\" loading=\"lazy\" width=\"461\" height=\"1024\" src=\"https:\/\/www.lagirelle.ch\/lagir\/wp-content\/uploads\/2024\/11\/WhatsApp-Image-2024-11-06-at-8.09.32\u202fPM-1-461x1024.jpeg\" alt=\"\" class=\"wp-image-749\" srcset=\"https:\/\/www.lagirelle.ch\/lagir\/wp-content\/uploads\/2024\/11\/WhatsApp-Image-2024-11-06-at-8.09.32\u202fPM-1-461x1024.jpeg 461w, https:\/\/www.lagirelle.ch\/lagir\/wp-content\/uploads\/2024\/11\/WhatsApp-Image-2024-11-06-at-8.09.32\u202fPM-1-135x300.jpeg 135w, https:\/\/www.lagirelle.ch\/lagir\/wp-content\/uploads\/2024\/11\/WhatsApp-Image-2024-11-06-at-8.09.32\u202fPM-1-768x1705.jpeg 768w, https:\/\/www.lagirelle.ch\/lagir\/wp-content\/uploads\/2024\/11\/WhatsApp-Image-2024-11-06-at-8.09.32\u202fPM-1-692x1536.jpeg 692w, https:\/\/www.lagirelle.ch\/lagir\/wp-content\/uploads\/2024\/11\/WhatsApp-Image-2024-11-06-at-8.09.32\u202fPM-1.jpeg 908w\" sizes=\"(max-width: 461px) 100vw, 461px\" \/><\/figure>\n","protected":false},"excerpt":{"rendered":"<p>Samedi 09 novembre au dimanche 10 novembreSalle polyvalente de l\u2019Ecole de Perly samedi de 10h \u00e0 18hdimanche de 10h \u00e0 17h Exposition d\u2019artisans et d\u2019artistes de Perly-Certoux et d\u2019ailleurs. A voir et appr\u00e9cier: peinture, crochet, travaux sur bois, sur pierre, sur m\u00e9tal, dessin, c\u00e9ramique, sculpture,&nbsp;<a class=\"read-more\" href=\"https:\/\/www.lagirelle.ch\/lagir\/2024\/11\/19\/exposition-artisanale-de-perly-certoux\/\">&hellip;<\/a><\/p>\n","protected":false},"author":1,"featured_media":0,"comment_status":"closed","ping_status":"open","sticky":true,"template":"","format":"standard","meta":{"footnotes":""},"categories":[3,6],"tags":[],"_links":{"self":[{"href":"https:\/\/www.lagirelle.ch\/lagir\/wp-json\/wp\/v2\/posts\/748"}],"collection":[{"href":"https:\/\/www.lagirelle.ch\/lagir\/wp-json\/wp\/v2\/posts"}],"about":[{"href":"https:\/\/www.lagirelle.ch\/lagir\/wp-json\/wp\/v2\/types\/post"}],"author":[{"embeddable":true,"href":"https:\/\/www.lagirelle.ch\/lagir\/wp-json\/wp\/v2\/users\/1"}],"replies":[{"embeddable":true,"href":"https:\/\/www.lagirelle.ch\/lagir\/wp-json\/wp\/v2\/comments?post=748"}],"version-history":[{"count":1,"href":"https:\/\/www.lagirelle.ch\/lagir\/wp-json\/wp\/v2\/posts\/748\/revisions"}],"predecessor-version":[{"id":750,"href":"https:\/\/www.lagirelle.ch\/lagir\/wp-json\/wp\/v2\/posts\/748\/revisions\/750"}],"wp:attachment":[{"href":"https:\/\/www.lagirelle.ch\/lagir\/wp-json\/wp\/v2\/media?parent=748"}],"wp:term":[{"taxonomy":"category","embeddable":true,"href":"https:\/\/www.lagirelle.ch\/lagir\/wp-json\/wp\/v2\/categories?post=748"},{"taxonomy":"post_tag","embeddable":true,"href":"https:\/\/www.lagirelle.ch\/lagir\/wp-json\/wp\/v2\/tags?post=748"}],"curies":[{"name":"wp","href":"https:\/\/api.w.org\/{rel}","templated":true}]}}