{"id":753,"date":"2025-01-30T14:58:27","date_gmt":"2025-01-30T13:58:27","guid":{"rendered":"https:\/\/www.lagirelle.ch\/?p=753"},"modified":"2025-01-30T14:58:27","modified_gmt":"2025-01-30T13:58:27","slug":"marche-artisanal-gourmand-de-feigeres","status":"publish","type":"post","link":"https:\/\/www.lagirelle.ch\/lagir\/2025\/01\/30\/marche-artisanal-gourmand-de-feigeres\/","title":{"rendered":"March\u00e9 artisanal &#038; gourmand de Feig\u00e8res"},"content":{"rendered":"\n<p>samedi 30 novembre au dimanche 1er d\u00e9cembre<\/p>\n\n\n\n<p>Salle polyvalente de Feig\u00e8res<\/p>\n\n\n\n<p>Faites-vous plaisir et en m\u00eame temps soyez solidaires: les b\u00e9n\u00e9fices de l\u2019exposition seront revers\u00e9s \u00e0 ALFAA-GHS: (Association de lutte contre la faim) et \u00e0 Arc-en-ciel du genevois.<\/p>\n\n\n\n<p><\/p>\n\n\n\n<p><\/p>\n\n\n\n<figure class=\"wp-block-image size-large\"><img decoding=\"async\" loading=\"lazy\" width=\"719\" height=\"1024\" src=\"https:\/\/www.lagirelle.ch\/lagir\/wp-content\/uploads\/2024\/11\/feigieres-719x1024.jpg\" alt=\"\" class=\"wp-image-735\" srcset=\"https:\/\/www.lagirelle.ch\/lagir\/wp-content\/uploads\/2024\/11\/feigieres-719x1024.jpg 719w, https:\/\/www.lagirelle.ch\/lagir\/wp-content\/uploads\/2024\/11\/feigieres-211x300.jpg 211w, https:\/\/www.lagirelle.ch\/lagir\/wp-content\/uploads\/2024\/11\/feigieres-768x1094.jpg 768w, https:\/\/www.lagirelle.ch\/lagir\/wp-content\/uploads\/2024\/11\/feigieres.jpg 892w\" sizes=\"(max-width: 719px) 100vw, 719px\" \/><\/figure>\n\n\n\n<div style=\"height:100px\" aria-hidden=\"true\" class=\"wp-block-spacer\"><\/div>\n\n\n\n<figure class=\"wp-block-image size-large is-resized\"><img decoding=\"async\" loading=\"lazy\" width=\"1024\" height=\"798\" src=\"https:\/\/www.lagirelle.ch\/lagir\/wp-content\/uploads\/2024\/11\/6d20a4d9-53bb-44a4-b69d-77e887518a5d-1024x798.jpg\" alt=\"\" class=\"wp-image-736\" style=\"aspect-ratio:1.2832080200501252;width:722px;height:auto\" srcset=\"https:\/\/www.lagirelle.ch\/lagir\/wp-content\/uploads\/2024\/11\/6d20a4d9-53bb-44a4-b69d-77e887518a5d-1024x798.jpg 1024w, https:\/\/www.lagirelle.ch\/lagir\/wp-content\/uploads\/2024\/11\/6d20a4d9-53bb-44a4-b69d-77e887518a5d-300x234.jpg 300w, https:\/\/www.lagirelle.ch\/lagir\/wp-content\/uploads\/2024\/11\/6d20a4d9-53bb-44a4-b69d-77e887518a5d-768x599.jpg 768w, https:\/\/www.lagirelle.ch\/lagir\/wp-content\/uploads\/2024\/11\/6d20a4d9-53bb-44a4-b69d-77e887518a5d-1536x1197.jpg 1536w, https:\/\/www.lagirelle.ch\/lagir\/wp-content\/uploads\/2024\/11\/6d20a4d9-53bb-44a4-b69d-77e887518a5d.jpg 1600w\" sizes=\"(max-width: 1024px) 100vw, 1024px\" \/><\/figure>\n","protected":false},"excerpt":{"rendered":"<p>samedi 30 novembre au dimanche 1er d\u00e9cembre Salle polyvalente de Feig\u00e8res Faites-vous plaisir et en m\u00eame temps soyez solidaires: les b\u00e9n\u00e9fices de l\u2019exposition seront revers\u00e9s \u00e0 ALFAA-GHS: (Association de lutte contre la faim) et \u00e0 Arc-en-ciel du genevois.<\/p>\n","protected":false},"author":1,"featured_media":0,"comment_status":"closed","ping_status":"open","sticky":false,"template":"","format":"standard","meta":{"footnotes":""},"categories":[3,6],"tags":[],"_links":{"self":[{"href":"https:\/\/www.lagirelle.ch\/lagir\/wp-json\/wp\/v2\/posts\/753"}],"collection":[{"href":"https:\/\/www.lagirelle.ch\/lagir\/wp-json\/wp\/v2\/posts"}],"about":[{"href":"https:\/\/www.lagirelle.ch\/lagir\/wp-json\/wp\/v2\/types\/post"}],"author":[{"embeddable":true,"href":"https:\/\/www.lagirelle.ch\/lagir\/wp-json\/wp\/v2\/users\/1"}],"replies":[{"embeddable":true,"href":"https:\/\/www.lagirelle.ch\/lagir\/wp-json\/wp\/v2\/comments?post=753"}],"version-history":[{"count":1,"href":"https:\/\/www.lagirelle.ch\/lagir\/wp-json\/wp\/v2\/posts\/753\/revisions"}],"predecessor-version":[{"id":754,"href":"https:\/\/www.lagirelle.ch\/lagir\/wp-json\/wp\/v2\/posts\/753\/revisions\/754"}],"wp:attachment":[{"href":"https:\/\/www.lagirelle.ch\/lagir\/wp-json\/wp\/v2\/media?parent=753"}],"wp:term":[{"taxonomy":"category","embeddable":true,"href":"https:\/\/www.lagirelle.ch\/lagir\/wp-json\/wp\/v2\/categories?post=753"},{"taxonomy":"post_tag","embeddable":true,"href":"https:\/\/www.lagirelle.ch\/lagir\/wp-json\/wp\/v2\/tags?post=753"}],"curies":[{"name":"wp","href":"https:\/\/api.w.org\/{rel}","templated":true}]}}